{"id":466,"date":"2025-04-10T08:00:25","date_gmt":"2025-04-10T08:00:25","guid":{"rendered":"https:\/\/dansibandsfestivalur.fo\/?p=466"},"modified":"2025-11-08T11:55:28","modified_gmt":"2025-11-08T11:55:28","slug":"gutta-fra-scandinavia-aftur-a-dansibandsfestivalin","status":"publish","type":"post","link":"https:\/\/dansibandsfestivalur.fo\/?p=466","title":{"rendered":"Gutta fra Scandinavia aftur \u00e1 Dansibandsfestivalin"},"content":{"rendered":"\n<p><a><\/a>Dansibandsfestivalurin \u00ed V\u00e1gi kann n\u00e6stan sigast hava tvey &#8220;h\u00fasorkestur&#8221;: Hans Jacob &amp; Vinmenn og Gutta fra Scandinavia &#8211; og Steinar og Terje fara aftur \u00ed \u00e1r \u00e1 pallin \u00e1 Dansibandsfestivalinum.<\/p>\n\n\n\n<p>Gutta fra Scandinavia, Steinar S. Kristiansen og Terje M\u00e5rstad, stovna\u00f0u \u00ed 1988 dansibandsorkestri Scandinavia, sum gj\u00f8rdist eitt ta\u00f0 st\u00f8rsta dansibandsorkestri\u00f0 \u00ed Norra nakrant\u00ed\u00f0. Scandinavia gav \u00fat 18 fl\u00f8gur og vann eitt \u00f3tal av vir\u00f0isl\u00f8num, \u00e1\u00f0renn teir g\u00f3vust \u00ed 2009.<\/p>\n\n\n\n<p>\u00cd 2010 skuldu teir b\u00e1\u00f0ir, Steinar og Terje, av tilvild sp\u00e6la sama sta\u00f0, og s\u00ed\u00f0ani hava teir b\u00e1\u00f0ir fer\u00f0ast runt nor\u00f0urlond og a\u00f0rasta\u00f0ni vi\u00f0 undir heitinum Gutta fra Scandinavia.<\/p>\n\n\n\n<p>\u00cd 2017, \u00ed 2019 og eisini \u00ed 2023 vitja\u00f0u Gutta fra Scandinavia \u00e1 Dansibandsfestivalinum \u00ed V\u00e1gi og var talan um fantastisk dansikv\u00f8ld, og ver\u00f0ur n\u00fa aftur h\u00f8vi\u00f0 at nj\u00f3ta dansit\u00f3narnir hj\u00e1 Gutta fra Scandinavia \u00e1 Dansibandsfestivalinum \u00ed V\u00e1gi 2025.<\/p>\n","protected":false},"excerpt":{"rendered":"<p>Dansibandsfestivalurin \u00ed V\u00e1gi kann n\u00e6stan sigast hava tvey &#8220;h\u00fasorkestur&#8221;: Hans Jacob &amp; Vinmenn og Gutta fra Scandinavia &#8211; og Steinar&hellip; <\/p>\n","protected":false},"author":1,"featured_media":468,"comment_status":"closed","ping_status":"closed","sticky":false,"template":"","format":"standard","meta":{"footnotes":""},"categories":[15],"tags":[],"class_list":["post-466","post","type-post","status-publish","format-standard","has-post-thumbnail","hentry","category-db2025"],"_links":{"self":[{"href":"https:\/\/dansibandsfestivalur.fo\/index.php?rest_route=\/wp\/v2\/posts\/466","targetHints":{"allow":["GET"]}}],"collection":[{"href":"https:\/\/dansibandsfestivalur.fo\/index.php?rest_route=\/wp\/v2\/posts"}],"about":[{"href":"https:\/\/dansibandsfestivalur.fo\/index.php?rest_route=\/wp\/v2\/types\/post"}],"author":[{"embeddable":true,"href":"https:\/\/dansibandsfestivalur.fo\/index.php?rest_route=\/wp\/v2\/users\/1"}],"replies":[{"embeddable":true,"href":"https:\/\/dansibandsfestivalur.fo\/index.php?rest_route=%2Fwp%2Fv2%2Fcomments&post=466"}],"version-history":[{"count":1,"href":"https:\/\/dansibandsfestivalur.fo\/index.php?rest_route=\/wp\/v2\/posts\/466\/revisions"}],"predecessor-version":[{"id":467,"href":"https:\/\/dansibandsfestivalur.fo\/index.php?rest_route=\/wp\/v2\/posts\/466\/revisions\/467"}],"wp:featuredmedia":[{"embeddable":true,"href":"https:\/\/dansibandsfestivalur.fo\/index.php?rest_route=\/wp\/v2\/media\/468"}],"wp:attachment":[{"href":"https:\/\/dansibandsfestivalur.fo\/index.php?rest_route=%2Fwp%2Fv2%2Fmedia&parent=466"}],"wp:term":[{"taxonomy":"category","embeddable":true,"href":"https:\/\/dansibandsfestivalur.fo\/index.php?rest_route=%2Fwp%2Fv2%2Fcategories&post=466"},{"taxonomy":"post_tag","embeddable":true,"href":"https:\/\/dansibandsfestivalur.fo\/index.php?rest_route=%2Fwp%2Fv2%2Ftags&post=466"}],"curies":[{"name":"wp","href":"https:\/\/api.w.org\/{rel}","templated":true}]}}