{"id":464,"date":"2025-04-10T07:59:05","date_gmt":"2025-04-10T07:59:05","guid":{"rendered":"https:\/\/dansibandsfestivalur.fo\/?p=464"},"modified":"2025-11-08T11:55:34","modified_gmt":"2025-11-08T11:55:34","slug":"linedansur-vid-birgir-og-hervoer","status":"publish","type":"post","link":"https:\/\/dansibandsfestivalur.fo\/?p=464","title":{"rendered":"Linedansur vi\u00f0 Birgir og Herv\u00f8r"},"content":{"rendered":"\n<p>Dansibandsfestivalurin n\u00e6rkast og n\u00fa eru g\u00f3\u00f0ir 2 m\u00e1na\u00f0ir til f\u00f8roya hugnaligasta festival.<\/p>\n\n\n\n<p><a><\/a>Komandi vikurnar ver\u00f0ur greitt fr\u00e1 fleiri t\u00e6ttum \u00ed skr\u00e1nni \u00e1 Dansibandsfestivalinum 2025 &#8211; og eru okur sera fegin um, at Birgir og Herv\u00f8r koma at hava linedans \u00e1 Dansibandsfestivalinum <img loading=\"lazy\" decoding=\"async\" height=\"16\" width=\"16\" alt=\"\ud83d\ude42\" src=\"https:\/\/static.xx.fbcdn.net\/images\/emoji.php\/v9\/t4c\/1\/16\/1f642.png\"><\/p>\n\n\n\n<p>Linedansur hevur veri\u00f0 \u00e1 skr\u00e1nni \u00e1 skiftandi Dansibandsfestivalum &#8211; og seinasta var \u00e1hugin so st\u00f3rur, at linedansurin var\u00f0 fluttur \u00ed V\u00e1gs H\u00f8ll. Ta\u00f0 ver\u00f0ur linedansurin eisini \u00ed \u00e1r, og eru ta\u00f0 Birgir og Herv\u00f8r Samuelsen, sum fara at st\u00edla fyri.<\/p>\n","protected":false},"excerpt":{"rendered":"<p>Dansibandsfestivalurin n\u00e6rkast og n\u00fa eru g\u00f3\u00f0ir 2 m\u00e1na\u00f0ir til f\u00f8roya hugnaligasta festival. Komandi vikurnar ver\u00f0ur greitt fr\u00e1 fleiri t\u00e6ttum \u00ed&hellip; <\/p>\n","protected":false},"author":1,"featured_media":135,"comment_status":"closed","ping_status":"closed","sticky":false,"template":"","format":"standard","meta":{"footnotes":""},"categories":[15],"tags":[],"class_list":["post-464","post","type-post","status-publish","format-standard","has-post-thumbnail","hentry","category-db2025"],"_links":{"self":[{"href":"https:\/\/dansibandsfestivalur.fo\/index.php?rest_route=\/wp\/v2\/posts\/464","targetHints":{"allow":["GET"]}}],"collection":[{"href":"https:\/\/dansibandsfestivalur.fo\/index.php?rest_route=\/wp\/v2\/posts"}],"about":[{"href":"https:\/\/dansibandsfestivalur.fo\/index.php?rest_route=\/wp\/v2\/types\/post"}],"author":[{"embeddable":true,"href":"https:\/\/dansibandsfestivalur.fo\/index.php?rest_route=\/wp\/v2\/users\/1"}],"replies":[{"embeddable":true,"href":"https:\/\/dansibandsfestivalur.fo\/index.php?rest_route=%2Fwp%2Fv2%2Fcomments&post=464"}],"version-history":[{"count":1,"href":"https:\/\/dansibandsfestivalur.fo\/index.php?rest_route=\/wp\/v2\/posts\/464\/revisions"}],"predecessor-version":[{"id":465,"href":"https:\/\/dansibandsfestivalur.fo\/index.php?rest_route=\/wp\/v2\/posts\/464\/revisions\/465"}],"wp:featuredmedia":[{"embeddable":true,"href":"https:\/\/dansibandsfestivalur.fo\/index.php?rest_route=\/wp\/v2\/media\/135"}],"wp:attachment":[{"href":"https:\/\/dansibandsfestivalur.fo\/index.php?rest_route=%2Fwp%2Fv2%2Fmedia&parent=464"}],"wp:term":[{"taxonomy":"category","embeddable":true,"href":"https:\/\/dansibandsfestivalur.fo\/index.php?rest_route=%2Fwp%2Fv2%2Fcategories&post=464"},{"taxonomy":"post_tag","embeddable":true,"href":"https:\/\/dansibandsfestivalur.fo\/index.php?rest_route=%2Fwp%2Fv2%2Ftags&post=464"}],"curies":[{"name":"wp","href":"https:\/\/api.w.org\/{rel}","templated":true}]}}