{"id":425,"date":"2023-04-25T18:27:57","date_gmt":"2023-04-25T18:27:57","guid":{"rendered":"https:\/\/dansibandsfestivalur.fo\/?p=425"},"modified":"2024-04-21T17:07:35","modified_gmt":"2024-04-21T17:07:35","slug":"uppa-ta-beinleidis-av-dansibandsfestivalinum","status":"publish","type":"post","link":"https:\/\/dansibandsfestivalur.fo\/?p=425","title":{"rendered":"UPP\u00c1 T\u00c1 beinlei\u00f0is av Dansibandsfestivalinum"},"content":{"rendered":"\n<p>Sum vant ver\u00f0ur &#8220;Upp\u00e1 t\u00e1&#8221; beinlei\u00f0is av Danisbandsfestivalinum \u00far V\u00e1gs H\u00f8ll fr\u00edggjakv\u00f8ldi\u00f0 5. mai, t\u00e1 Finnur sum aftur ver\u00f0ur handan mikrofonina.<\/p>\n\n\n\n<p>Ja, Dansibandsfestivalurin \u00ed V\u00e1gi n\u00e6rkast av \u00e1lvara &#8211; og vikuskiftispass kunnu keypast \u00e1 <a href=\"https:\/\/billett.fo\/\" target=\"_blank\" rel=\"noreferrer noopener\">billett.fo<\/a> \ud83d\ude42<\/p>\n\n\n\n<!--more-->\n\n\n\n<figure class=\"wp-block-image size-full\"><img loading=\"lazy\" decoding=\"async\" width=\"930\" height=\"687\" src=\"https:\/\/dansibandsfestivalur.fo\/wp-content\/uploads\/2023\/04\/Finnur-Uppa-ta.jpg\" alt=\"\" class=\"wp-image-426\" srcset=\"https:\/\/dansibandsfestivalur.fo\/wp-content\/uploads\/2023\/04\/Finnur-Uppa-ta.jpg 930w, https:\/\/dansibandsfestivalur.fo\/wp-content\/uploads\/2023\/04\/Finnur-Uppa-ta-300x222.jpg 300w, https:\/\/dansibandsfestivalur.fo\/wp-content\/uploads\/2023\/04\/Finnur-Uppa-ta-768x567.jpg 768w\" sizes=\"auto, (max-width: 930px) 100vw, 930px\" \/><\/figure>\n","protected":false},"excerpt":{"rendered":"<p>Sum vant ver\u00f0ur &#8220;Upp\u00e1 t\u00e1&#8221; beinlei\u00f0is av Danisbandsfestivalinum \u00far V\u00e1gs H\u00f8ll fr\u00edggjakv\u00f8ldi\u00f0 5. mai, t\u00e1 Finnur sum aftur ver\u00f0ur handan&hellip; <\/p>\n","protected":false},"author":1,"featured_media":426,"comment_status":"closed","ping_status":"closed","sticky":false,"template":"","format":"standard","meta":{"footnotes":""},"categories":[12],"tags":[],"class_list":["post-425","post","type-post","status-publish","format-standard","has-post-thumbnail","hentry","category-db2023"],"_links":{"self":[{"href":"https:\/\/dansibandsfestivalur.fo\/index.php?rest_route=\/wp\/v2\/posts\/425","targetHints":{"allow":["GET"]}}],"collection":[{"href":"https:\/\/dansibandsfestivalur.fo\/index.php?rest_route=\/wp\/v2\/posts"}],"about":[{"href":"https:\/\/dansibandsfestivalur.fo\/index.php?rest_route=\/wp\/v2\/types\/post"}],"author":[{"embeddable":true,"href":"https:\/\/dansibandsfestivalur.fo\/index.php?rest_route=\/wp\/v2\/users\/1"}],"replies":[{"embeddable":true,"href":"https:\/\/dansibandsfestivalur.fo\/index.php?rest_route=%2Fwp%2Fv2%2Fcomments&post=425"}],"version-history":[{"count":1,"href":"https:\/\/dansibandsfestivalur.fo\/index.php?rest_route=\/wp\/v2\/posts\/425\/revisions"}],"predecessor-version":[{"id":427,"href":"https:\/\/dansibandsfestivalur.fo\/index.php?rest_route=\/wp\/v2\/posts\/425\/revisions\/427"}],"wp:featuredmedia":[{"embeddable":true,"href":"https:\/\/dansibandsfestivalur.fo\/index.php?rest_route=\/wp\/v2\/media\/426"}],"wp:attachment":[{"href":"https:\/\/dansibandsfestivalur.fo\/index.php?rest_route=%2Fwp%2Fv2%2Fmedia&parent=425"}],"wp:term":[{"taxonomy":"category","embeddable":true,"href":"https:\/\/dansibandsfestivalur.fo\/index.php?rest_route=%2Fwp%2Fv2%2Fcategories&post=425"},{"taxonomy":"post_tag","embeddable":true,"href":"https:\/\/dansibandsfestivalur.fo\/index.php?rest_route=%2Fwp%2Fv2%2Ftags&post=425"}],"curies":[{"name":"wp","href":"https:\/\/api.w.org\/{rel}","templated":true}]}}