{"id":396,"date":"2022-05-05T11:03:47","date_gmt":"2022-05-05T11:03:47","guid":{"rendered":"https:\/\/dansibandsfestivalur.fo\/?p=396"},"modified":"2024-04-21T17:07:02","modified_gmt":"2024-04-21T17:07:02","slug":"ingva-lilja-og-ronja-vunnu-bumerkjakappingina","status":"publish","type":"post","link":"https:\/\/dansibandsfestivalur.fo\/?p=396","title":{"rendered":"Ingv\u00e1, Lilja og Ronja vunnu b\u00famerkjakappingina"},"content":{"rendered":"\n<p>Herfyri skipa\u00f0i Dansibandsfestivalurin fyri b\u00famerkjakapping, har b\u00f8rn \u00ed V\u00e1gs Sk\u00fala l\u00f3tu inn uppskot til b\u00famerki\u00f0 til Dansibandsfestivalin.<\/p>\n\n\n\n<p>N\u00fa Dansibandsfestivalurin byrjar \u00ed kv\u00f8ld og tilt\u00f8kini \u00e1 Ei\u00f0inum byrja fr\u00edggjakv\u00f8ldi\u00f0, ver\u00f0ur n\u00fdggja b\u00famerki\u00f0 hj\u00e1 Dansibandsfestivalinum, sum Ingv\u00e1 Ann Hansen, Lilja Str\u00f8m Winther og Ronja Holm Kilgour hava tekna\u00f0 sj\u00e1lvandi eisini sj\u00f3nligt.<\/p>\n\n\n\n<p>T\u00e6r tr\u00edggjar v\u00f3ru \u00e1 Ei\u00f0inum \u00ed dag, har t\u00e6r eru avmynda\u00f0ar saman vi\u00f0 Hans Jacob Hjelm fr\u00e1 Dansibandsfestivalinum.<\/p>\n\n\n\n<figure class=\"wp-block-image size-full\"><img loading=\"lazy\" decoding=\"async\" width=\"912\" height=\"684\" src=\"https:\/\/dansibandsfestivalur.fo\/wp-content\/uploads\/2022\/05\/Bumerkid-Dansinbandsfestivalurin-2022.jpg\" alt=\"\" class=\"wp-image-397\" srcset=\"https:\/\/dansibandsfestivalur.fo\/wp-content\/uploads\/2022\/05\/Bumerkid-Dansinbandsfestivalurin-2022.jpg 912w, https:\/\/dansibandsfestivalur.fo\/wp-content\/uploads\/2022\/05\/Bumerkid-Dansinbandsfestivalurin-2022-300x225.jpg 300w, https:\/\/dansibandsfestivalur.fo\/wp-content\/uploads\/2022\/05\/Bumerkid-Dansinbandsfestivalurin-2022-768x576.jpg 768w\" sizes=\"auto, (max-width: 912px) 100vw, 912px\" \/><\/figure>\n\n\n\n<p><\/p>\n\n\n\n<p><\/p>\n\n\n\n<figure class=\"wp-block-image size-full\"><img loading=\"lazy\" decoding=\"async\" width=\"353\" height=\"529\" src=\"https:\/\/dansibandsfestivalur.fo\/wp-content\/uploads\/2022\/05\/Bumerkid-Dansibandsfestivalurin.gif\" alt=\"\" class=\"wp-image-398\"\/><\/figure>\n","protected":false},"excerpt":{"rendered":"<p>Herfyri skipa\u00f0i Dansibandsfestivalurin fyri b\u00famerkjakapping, har b\u00f8rn \u00ed V\u00e1gs Sk\u00fala l\u00f3tu inn uppskot til b\u00famerki\u00f0 til Dansibandsfestivalin. N\u00fa Dansibandsfestivalurin byrjar&hellip; <\/p>\n","protected":false},"author":1,"featured_media":397,"comment_status":"closed","ping_status":"closed","sticky":false,"template":"","format":"standard","meta":{"footnotes":""},"categories":[11],"tags":[],"class_list":["post-396","post","type-post","status-publish","format-standard","has-post-thumbnail","hentry","category-db2022"],"_links":{"self":[{"href":"https:\/\/dansibandsfestivalur.fo\/index.php?rest_route=\/wp\/v2\/posts\/396","targetHints":{"allow":["GET"]}}],"collection":[{"href":"https:\/\/dansibandsfestivalur.fo\/index.php?rest_route=\/wp\/v2\/posts"}],"about":[{"href":"https:\/\/dansibandsfestivalur.fo\/index.php?rest_route=\/wp\/v2\/types\/post"}],"author":[{"embeddable":true,"href":"https:\/\/dansibandsfestivalur.fo\/index.php?rest_route=\/wp\/v2\/users\/1"}],"replies":[{"embeddable":true,"href":"https:\/\/dansibandsfestivalur.fo\/index.php?rest_route=%2Fwp%2Fv2%2Fcomments&post=396"}],"version-history":[{"count":1,"href":"https:\/\/dansibandsfestivalur.fo\/index.php?rest_route=\/wp\/v2\/posts\/396\/revisions"}],"predecessor-version":[{"id":399,"href":"https:\/\/dansibandsfestivalur.fo\/index.php?rest_route=\/wp\/v2\/posts\/396\/revisions\/399"}],"wp:featuredmedia":[{"embeddable":true,"href":"https:\/\/dansibandsfestivalur.fo\/index.php?rest_route=\/wp\/v2\/media\/397"}],"wp:attachment":[{"href":"https:\/\/dansibandsfestivalur.fo\/index.php?rest_route=%2Fwp%2Fv2%2Fmedia&parent=396"}],"wp:term":[{"taxonomy":"category","embeddable":true,"href":"https:\/\/dansibandsfestivalur.fo\/index.php?rest_route=%2Fwp%2Fv2%2Fcategories&post=396"},{"taxonomy":"post_tag","embeddable":true,"href":"https:\/\/dansibandsfestivalur.fo\/index.php?rest_route=%2Fwp%2Fv2%2Ftags&post=396"}],"curies":[{"name":"wp","href":"https:\/\/api.w.org\/{rel}","templated":true}]}}