{"id":388,"date":"2022-05-03T11:52:21","date_gmt":"2022-05-03T11:52:21","guid":{"rendered":"https:\/\/dansibandsfestivalur.fo\/?p=388"},"modified":"2023-01-10T06:56:39","modified_gmt":"2023-01-10T06:56:39","slug":"skrain-til-dansibandsfestivalin-2022","status":"publish","type":"post","link":"https:\/\/dansibandsfestivalur.fo\/?p=388","title":{"rendered":"Skr\u00e1in til Dansibandsfestivalin 2022"},"content":{"rendered":"\n<p>So er skr\u00e1in til Dansibandsfestivalin 2022 t\u00f8k.<\/p>\n\n\n\n<!--more-->\n\n\n\n<figure class=\"wp-block-image size-large\"><img loading=\"lazy\" decoding=\"async\" width=\"1024\" height=\"665\" src=\"https:\/\/dansibandsfestivalur.fo\/wp-content\/uploads\/2022\/05\/Dansibandsfestivalur-2022-1024x665.jpg\" alt=\"\" class=\"wp-image-389\" srcset=\"https:\/\/dansibandsfestivalur.fo\/wp-content\/uploads\/2022\/05\/Dansibandsfestivalur-2022-1024x665.jpg 1024w, https:\/\/dansibandsfestivalur.fo\/wp-content\/uploads\/2022\/05\/Dansibandsfestivalur-2022-300x195.jpg 300w, https:\/\/dansibandsfestivalur.fo\/wp-content\/uploads\/2022\/05\/Dansibandsfestivalur-2022-768x499.jpg 768w, https:\/\/dansibandsfestivalur.fo\/wp-content\/uploads\/2022\/05\/Dansibandsfestivalur-2022.jpg 1299w\" sizes=\"auto, (max-width: 1024px) 100vw, 1024px\" \/><\/figure>\n\n\n\n<p><strong>T\u00f3rsdagin 5. Mai 2022<\/strong><\/p>\n\n\n\n<p>Kl. 19.00 Sum vant byrjar Dansibandsfestivalinum vi\u00f0 Syngi\u00f0 og dansi\u00f0 vi\u00f0 kv\u00f8ldi \u00e1 Hamragar\u00f0i. Syngi\u00f0 og dansi\u00f0 vi\u00f0 kv\u00f8ldi\u00f0 ver\u00f0ur vi\u00f0 lutt\u00f8ku av Hentzar og \u00c1rni vi\u00f0 harmoniku.<\/p>\n\n\n\n<p>Kaffi\/te og okkurt gott afturvi\u00f0 ver\u00f0ur eisini bj\u00f3\u00f0a\u00f0.<\/p>\n\n\n\n<p>\u00d3keypis tiltak \u00e6tla\u00f0 aldursb\u00f3lkinum 65 \u00e1r og eldri.<\/p>\n\n\n\n<p><strong>Fr\u00edggjadagin 6. Mai 2022<\/strong><\/p>\n\n\n\n<p>Kl. 18.00 \u2013 kl. 21.00 St\u00f3ra kalda bor\u00f0i\u00f0 \u00ed V\u00e1gs H\u00f8ll og syngi\u00f0 vi\u00f0 kv\u00f8ld vi\u00f0 lutt\u00f8ku av Dagfinn Olsen, R\u00fani \u00ed L\u00e1gab\u00f8 og Hilmar \u00ed L\u00e1gab\u00f8. Bor\u00f0stj\u00f3ri ver\u00f0ur K\u00e1ri Poulsen. Kostna\u00f0ur 250 kr. \u2013 er \u00edrokna\u00f0 vikuskiftispassum til Dansibandsfestivalin.<\/p>\n\n\n\n<p>Kl. 22.00 Upp\u00e1 t\u00e1 vi\u00f0 Finnur S. Olsen beinlei\u00f0is \u00ed \u00fatvarpinum hj\u00e1 KVF fr\u00e1 Dansibandsfestivalinum \u00far V\u00e1gs H\u00f8ll.<\/p>\n\n\n\n<p>Kl. 23.00 Dansibands orkestur sp\u00e6la til dans \u00ed V\u00e1gs H\u00f8ll. Ingemars (NO) sp\u00e6lir til dansin og \u00ed ste\u00f0ginum stendur Finnur S. Olsen fr\u00e1 Upp\u00e1 t\u00e1 fyri t\u00f3nleikinum. Dansurin kostar 300 kr. \u2013 er \u00edrokna\u00f0ur vikuskiftispassum til Dansibandsfestivalin.<\/p>\n\n\n\n<p>Kl. 03.00 Dansurin endar.<\/p>\n\n\n\n<p><strong>Leygardagin 7. mai 2021<\/strong><\/p>\n\n\n\n<p>Kl. 10.00 Gongut\u00farur vi\u00f0 fr\u00e1s\u00f8guf\u00f3lki. \u00d3keypis tiltak. \u00c1huga\u00f0i m\u00f8ta vi\u00f0 Tr\u00edkantin \u00e1 Sandinum.<\/p>\n\n\n\n<p>Kl. 14.00 Dansibandsgudst\u00e6nasta \u00ed V\u00e1gs H\u00f8ll, Havstein Klein, prestur, pr\u00e6dikar. Hans Jacob Hjelm framf\u00f8rir undir gudst\u00e6nastuni.<\/p>\n\n\n\n<p>Kl. 15.30-17.00 Line-dansur vi\u00f0 Birgir og Herv\u00f8r Samuelsen \u00ed V\u00e1gs H\u00f8ll. Tiltaki\u00f0 kostar 100 kr \u2013 er \u00edrokna\u00f0 vikuskiftipassum til Dansibandsfestivalin.<\/p>\n\n\n\n<p>Kl. 19.30 Grillkv\u00f8ld \u00ed V\u00e1gs H\u00f8ll. \u00c1 matarskr\u00e1nni er oksasteik, glasera\u00f0i eplir, carottir, salat og pipars\u00f3s. Sum vant ver\u00f0ur eisini g\u00f3\u00f0ur felagssangur, hugni og harmonikut\u00f3nleikur afturvi\u00f0. Bor\u00f0stj\u00f3ri ver\u00f0ur Magnus Magnussen. Kostna\u00f0ur 300 kr. \u2013 er \u00edrokna\u00f0 vikuskiftispassum til Dansibandfestivalin.<\/p>\n\n\n\n<p>Kl. 23.00 Dansibands orkestur sp\u00e6la til dans \u00ed V\u00e1gs H\u00f8ll. Til dansin sp\u00e6la Contiki og Sommerson Band. Kostna\u00f0ur 300 kr. \u2013 er \u00edrokna\u00f0 vikuskiftispassum til Dansibandfestivalin.<\/p>\n\n\n\n<p>Kl. 04.00 Dansurin endar.<\/p>\n","protected":false},"excerpt":{"rendered":"<p>So er skr\u00e1in til Dansibandsfestivalin 2022 t\u00f8k.<\/p>\n","protected":false},"author":1,"featured_media":389,"comment_status":"closed","ping_status":"closed","sticky":false,"template":"","format":"standard","meta":{"footnotes":""},"categories":[11],"tags":[],"class_list":["post-388","post","type-post","status-publish","format-standard","has-post-thumbnail","hentry","category-db2022"],"_links":{"self":[{"href":"https:\/\/dansibandsfestivalur.fo\/index.php?rest_route=\/wp\/v2\/posts\/388","targetHints":{"allow":["GET"]}}],"collection":[{"href":"https:\/\/dansibandsfestivalur.fo\/index.php?rest_route=\/wp\/v2\/posts"}],"about":[{"href":"https:\/\/dansibandsfestivalur.fo\/index.php?rest_route=\/wp\/v2\/types\/post"}],"author":[{"embeddable":true,"href":"https:\/\/dansibandsfestivalur.fo\/index.php?rest_route=\/wp\/v2\/users\/1"}],"replies":[{"embeddable":true,"href":"https:\/\/dansibandsfestivalur.fo\/index.php?rest_route=%2Fwp%2Fv2%2Fcomments&post=388"}],"version-history":[{"count":2,"href":"https:\/\/dansibandsfestivalur.fo\/index.php?rest_route=\/wp\/v2\/posts\/388\/revisions"}],"predecessor-version":[{"id":391,"href":"https:\/\/dansibandsfestivalur.fo\/index.php?rest_route=\/wp\/v2\/posts\/388\/revisions\/391"}],"wp:featuredmedia":[{"embeddable":true,"href":"https:\/\/dansibandsfestivalur.fo\/index.php?rest_route=\/wp\/v2\/media\/389"}],"wp:attachment":[{"href":"https:\/\/dansibandsfestivalur.fo\/index.php?rest_route=%2Fwp%2Fv2%2Fmedia&parent=388"}],"wp:term":[{"taxonomy":"category","embeddable":true,"href":"https:\/\/dansibandsfestivalur.fo\/index.php?rest_route=%2Fwp%2Fv2%2Fcategories&post=388"},{"taxonomy":"post_tag","embeddable":true,"href":"https:\/\/dansibandsfestivalur.fo\/index.php?rest_route=%2Fwp%2Fv2%2Ftags&post=388"}],"curies":[{"name":"wp","href":"https:\/\/api.w.org\/{rel}","templated":true}]}}