{"id":369,"date":"2022-05-03T07:03:00","date_gmt":"2022-05-03T07:03:00","guid":{"rendered":"https:\/\/dansibandsfestivalur.fo\/?p=369"},"modified":"2023-01-10T06:56:32","modified_gmt":"2023-01-10T06:56:32","slug":"steintor-prestur-a-dansibandsfestivalinum","status":"publish","type":"post","link":"https:\/\/dansibandsfestivalur.fo\/?p=369","title":{"rendered":"Havstein Klein prestur \u00e1 Dansibandsfestivalinum"},"content":{"rendered":"\n<p>Dansibandsfestivalur er \u00ed V\u00e1gi \u00ed d\u00f8gunum 6. og 7. mai \u2013 og bj\u00f3\u00f0ar Dansibandsfestivalurin sum \u00f8llum dansi-\u00e1huga\u00f0um f\u00f8royingum til V\u00e1gs til dans, morgunmat og grillkv\u00f8ld, og ikki minst hugna og gestabl\u00eddni<\/p>\n\n\n\n<!--more-->\n\n\n\n<p>Ein av afturvendandi h\u00e1t\u00ed\u00f0arligu p\u00f8rtunum av Dansibandsfestivalinum er Dansibands-gudst\u00e6nastan, sum er \u00ed V\u00e1gs H\u00f8ll leygardagin \u00e1 Dansibandsfestivalinum.<\/p>\n\n\n\n<p>Orsaka av, at Steint\u00f3ra Gle\u00f0isheygg Joensen hevur fingi\u00f0 forfall, so ver\u00f0ur ta\u00f0 \u00ed sta\u00f0in Havstein Klein, sum ver\u00f0ur prestur til Dansibands-gudst\u00e6nastuna \u00ed \u00e1r.<\/p>\n\n\n\n<p>Havstein er s\u00f3knarprestur \u00ed Sandoyar prestagjaldi.<\/p>\n\n\n\n<figure class=\"wp-block-image size-full\"><img loading=\"lazy\" decoding=\"async\" width=\"648\" height=\"364\" src=\"https:\/\/dansibandsfestivalur.fo\/wp-content\/uploads\/2022\/05\/Havstein-Klein.jpg\" alt=\"\" class=\"wp-image-386\" srcset=\"https:\/\/dansibandsfestivalur.fo\/wp-content\/uploads\/2022\/05\/Havstein-Klein.jpg 648w, https:\/\/dansibandsfestivalur.fo\/wp-content\/uploads\/2022\/05\/Havstein-Klein-300x169.jpg 300w\" sizes=\"auto, (max-width: 648px) 100vw, 648px\" \/><\/figure>\n","protected":false},"excerpt":{"rendered":"<p>Dansibandsfestivalur er \u00ed V\u00e1gi \u00ed d\u00f8gunum 6. og 7. mai \u2013 og bj\u00f3\u00f0ar Dansibandsfestivalurin sum \u00f8llum dansi-\u00e1huga\u00f0um f\u00f8royingum til V\u00e1gs&hellip; <\/p>\n","protected":false},"author":1,"featured_media":386,"comment_status":"closed","ping_status":"closed","sticky":false,"template":"","format":"standard","meta":{"footnotes":""},"categories":[11],"tags":[],"class_list":["post-369","post","type-post","status-publish","format-standard","has-post-thumbnail","hentry","category-db2022"],"_links":{"self":[{"href":"https:\/\/dansibandsfestivalur.fo\/index.php?rest_route=\/wp\/v2\/posts\/369","targetHints":{"allow":["GET"]}}],"collection":[{"href":"https:\/\/dansibandsfestivalur.fo\/index.php?rest_route=\/wp\/v2\/posts"}],"about":[{"href":"https:\/\/dansibandsfestivalur.fo\/index.php?rest_route=\/wp\/v2\/types\/post"}],"author":[{"embeddable":true,"href":"https:\/\/dansibandsfestivalur.fo\/index.php?rest_route=\/wp\/v2\/users\/1"}],"replies":[{"embeddable":true,"href":"https:\/\/dansibandsfestivalur.fo\/index.php?rest_route=%2Fwp%2Fv2%2Fcomments&post=369"}],"version-history":[{"count":6,"href":"https:\/\/dansibandsfestivalur.fo\/index.php?rest_route=\/wp\/v2\/posts\/369\/revisions"}],"predecessor-version":[{"id":387,"href":"https:\/\/dansibandsfestivalur.fo\/index.php?rest_route=\/wp\/v2\/posts\/369\/revisions\/387"}],"wp:featuredmedia":[{"embeddable":true,"href":"https:\/\/dansibandsfestivalur.fo\/index.php?rest_route=\/wp\/v2\/media\/386"}],"wp:attachment":[{"href":"https:\/\/dansibandsfestivalur.fo\/index.php?rest_route=%2Fwp%2Fv2%2Fmedia&parent=369"}],"wp:term":[{"taxonomy":"category","embeddable":true,"href":"https:\/\/dansibandsfestivalur.fo\/index.php?rest_route=%2Fwp%2Fv2%2Fcategories&post=369"},{"taxonomy":"post_tag","embeddable":true,"href":"https:\/\/dansibandsfestivalur.fo\/index.php?rest_route=%2Fwp%2Fv2%2Ftags&post=369"}],"curies":[{"name":"wp","href":"https:\/\/api.w.org\/{rel}","templated":true}]}}