{"id":365,"date":"2022-01-25T11:42:29","date_gmt":"2022-01-25T11:42:29","guid":{"rendered":"https:\/\/dansibandsfestivalur.fo\/?p=365"},"modified":"2022-04-13T11:28:54","modified_gmt":"2022-04-13T11:28:54","slug":"sommerson-band-a-dansibandsfestivalin-2022","status":"publish","type":"post","link":"https:\/\/dansibandsfestivalur.fo\/?p=365","title":{"rendered":"Sommerson Band \u00e1 Dansibandsfestivalin 2022"},"content":{"rendered":"\n<p>Umframt fram\u00far g\u00f3\u00f0 norsk dansibandsorkestur, so bj\u00f3\u00f0ar Dansibandsfestivalurin sj\u00e1lvsagt eisini f\u00f8roysk dansibandsorkestur \u00e1 pall \u00e1 Dansibandsfestivalinum.<\/p>\n\n\n\n<!--more-->\n\n\n\n<p>\u00cd \u00e1r fara Sommerson Band at sp\u00e6la \u00e1 Dansibandsfestivalinum og er hetta fyrstu fer\u00f0, at Sommerson Band er \u00e1 festivalinum \u00ed V\u00e1gi.<\/p>\n\n\n\n<p>Sommerson Band er manna\u00f0 vi\u00f0:<\/p>\n\n\n\n<p>Sommerson Band \u00e1 Dansibandsfestivalin<br>Annfinn Sommerson, trummur og sang<br>K\u00e1ri Olsen, bass og k\u00f3r<br>Petur B\u00e6rentsen, gittara<br>Eiler \u00d8ster\u00f8, gittara og k\u00f3r<\/p>\n\n\n\n<figure class=\"wp-block-image\"><img loading=\"lazy\" decoding=\"async\" width=\"768\" height=\"1024\" src=\"https:\/\/dansibandsfestivalur.fo\/wp-content\/uploads\/2022\/01\/Sommerson-Band-768x1024.jpg\" alt=\"\" class=\"wp-image-362\" srcset=\"https:\/\/dansibandsfestivalur.fo\/wp-content\/uploads\/2022\/01\/Sommerson-Band-768x1024.jpg 768w, https:\/\/dansibandsfestivalur.fo\/wp-content\/uploads\/2022\/01\/Sommerson-Band-225x300.jpg 225w, https:\/\/dansibandsfestivalur.fo\/wp-content\/uploads\/2022\/01\/Sommerson-Band-1152x1536.jpg 1152w, https:\/\/dansibandsfestivalur.fo\/wp-content\/uploads\/2022\/01\/Sommerson-Band.jpg 1536w\" sizes=\"auto, (max-width: 768px) 100vw, 768px\" \/><\/figure>\n","protected":false},"excerpt":{"rendered":"<p>Umframt fram\u00far g\u00f3\u00f0 norsk dansibandsorkestur, so bj\u00f3\u00f0ar Dansibandsfestivalurin sj\u00e1lvsagt eisini f\u00f8roysk dansibandsorkestur \u00e1 pall \u00e1 Dansibandsfestivalinum.<\/p>\n","protected":false},"author":1,"featured_media":366,"comment_status":"closed","ping_status":"closed","sticky":false,"template":"","format":"standard","meta":{"footnotes":""},"categories":[11],"tags":[],"class_list":["post-365","post","type-post","status-publish","format-standard","has-post-thumbnail","hentry","category-db2022"],"_links":{"self":[{"href":"https:\/\/dansibandsfestivalur.fo\/index.php?rest_route=\/wp\/v2\/posts\/365","targetHints":{"allow":["GET"]}}],"collection":[{"href":"https:\/\/dansibandsfestivalur.fo\/index.php?rest_route=\/wp\/v2\/posts"}],"about":[{"href":"https:\/\/dansibandsfestivalur.fo\/index.php?rest_route=\/wp\/v2\/types\/post"}],"author":[{"embeddable":true,"href":"https:\/\/dansibandsfestivalur.fo\/index.php?rest_route=\/wp\/v2\/users\/1"}],"replies":[{"embeddable":true,"href":"https:\/\/dansibandsfestivalur.fo\/index.php?rest_route=%2Fwp%2Fv2%2Fcomments&post=365"}],"version-history":[{"count":2,"href":"https:\/\/dansibandsfestivalur.fo\/index.php?rest_route=\/wp\/v2\/posts\/365\/revisions"}],"predecessor-version":[{"id":377,"href":"https:\/\/dansibandsfestivalur.fo\/index.php?rest_route=\/wp\/v2\/posts\/365\/revisions\/377"}],"wp:featuredmedia":[{"embeddable":true,"href":"https:\/\/dansibandsfestivalur.fo\/index.php?rest_route=\/wp\/v2\/media\/366"}],"wp:attachment":[{"href":"https:\/\/dansibandsfestivalur.fo\/index.php?rest_route=%2Fwp%2Fv2%2Fmedia&parent=365"}],"wp:term":[{"taxonomy":"category","embeddable":true,"href":"https:\/\/dansibandsfestivalur.fo\/index.php?rest_route=%2Fwp%2Fv2%2Fcategories&post=365"},{"taxonomy":"post_tag","embeddable":true,"href":"https:\/\/dansibandsfestivalur.fo\/index.php?rest_route=%2Fwp%2Fv2%2Ftags&post=365"}],"curies":[{"name":"wp","href":"https:\/\/api.w.org\/{rel}","templated":true}]}}