{"id":346,"date":"2021-12-07T08:14:03","date_gmt":"2021-12-07T08:14:03","guid":{"rendered":"https:\/\/dansibandsfestivalur.fo\/?p=346"},"modified":"2024-04-21T17:06:54","modified_gmt":"2024-04-21T17:06:54","slug":"forsoelan-til-dansibandsfestivalin-2022-er-byrjad","status":"publish","type":"post","link":"https:\/\/dansibandsfestivalur.fo\/?p=346","title":{"rendered":"Fors\u00f8lan til Dansibandsfestivalin 2022 er byrja\u00f0"},"content":{"rendered":"\n<p>Fors\u00f8lan til Dansibandsfestivalin 2022 er byrja\u00f0 og eitt avmarka\u00f0 tal av vikuskiftispassum er sett til s\u00f8lu.<\/p>\n\n\n\n<!--more-->\n\n\n\n<p>Fyri ein serpr\u00eds \u00e1 1.000 kr. \u00b4(+ 30 kr. \u00ed avgjaldi) gevur vikuskiftispassi\u00f0 atgongd til tvey fram\u00far dansikv\u00f8ld, syngi\u00f0 vi\u00f0 kv\u00f8ld, grillkv\u00f8ld, dansibandsgudst\u00e6nastu, gongut\u00far \u00ed st\u00f3rslignu n\u00e1tt\u00faruni kring V\u00e1g, og ikki minst um hugna.<\/p>\n\n\n\n<p>\u00c1 pallin fara b\u00e6\u00f0i \u00fatlendsk og f\u00f8roysk dansibandsorkestur \u2013 og gle\u00f0a okur okkum at taka \u00edm\u00f3ti tykkum \u00e1 Dansibandsfestivalinum \u00ed d\u00f8gunum 6. og 7. mai 2022.<\/p>\n\n\n\n<p>Vikuskiftispass til Dansibandsfestivalin 2022 f\u00e1ast til keyps <strong><a href=\"https:\/\/billett.fo\/Dansibandsfestivalurin?TicketId=2062\">her<\/a><\/strong>.<\/p>\n\n\n\n<figure class=\"wp-block-image size-large\"><img loading=\"lazy\" decoding=\"async\" width=\"1024\" height=\"461\" src=\"https:\/\/dansibandsfestivalur.fo\/wp-content\/uploads\/2021\/12\/image-1024x461.png\" alt=\"\" class=\"wp-image-347\" srcset=\"https:\/\/dansibandsfestivalur.fo\/wp-content\/uploads\/2021\/12\/image-1024x461.png 1024w, https:\/\/dansibandsfestivalur.fo\/wp-content\/uploads\/2021\/12\/image-300x135.png 300w, https:\/\/dansibandsfestivalur.fo\/wp-content\/uploads\/2021\/12\/image-768x346.png 768w, https:\/\/dansibandsfestivalur.fo\/wp-content\/uploads\/2021\/12\/image.png 1514w\" sizes=\"auto, (max-width: 1024px) 100vw, 1024px\" \/><figcaption><a href=\"https:\/\/billett.fo\/Dansibandsfestivalurin?TicketId=2062\">https:\/\/billett.fo\/Dansibandsfestivalurin?TicketId=2062<\/a><\/figcaption><\/figure>\n","protected":false},"excerpt":{"rendered":"<p>Fors\u00f8lan til Dansibandsfestivalin 2022 er byrja\u00f0 og eitt avmarka\u00f0 tal av vikuskiftispassum er sett til s\u00f8lu.<\/p>\n","protected":false},"author":1,"featured_media":347,"comment_status":"closed","ping_status":"closed","sticky":false,"template":"","format":"standard","meta":{"footnotes":""},"categories":[11],"tags":[],"class_list":["post-346","post","type-post","status-publish","format-standard","has-post-thumbnail","hentry","category-db2022"],"_links":{"self":[{"href":"https:\/\/dansibandsfestivalur.fo\/index.php?rest_route=\/wp\/v2\/posts\/346","targetHints":{"allow":["GET"]}}],"collection":[{"href":"https:\/\/dansibandsfestivalur.fo\/index.php?rest_route=\/wp\/v2\/posts"}],"about":[{"href":"https:\/\/dansibandsfestivalur.fo\/index.php?rest_route=\/wp\/v2\/types\/post"}],"author":[{"embeddable":true,"href":"https:\/\/dansibandsfestivalur.fo\/index.php?rest_route=\/wp\/v2\/users\/1"}],"replies":[{"embeddable":true,"href":"https:\/\/dansibandsfestivalur.fo\/index.php?rest_route=%2Fwp%2Fv2%2Fcomments&post=346"}],"version-history":[{"count":1,"href":"https:\/\/dansibandsfestivalur.fo\/index.php?rest_route=\/wp\/v2\/posts\/346\/revisions"}],"predecessor-version":[{"id":348,"href":"https:\/\/dansibandsfestivalur.fo\/index.php?rest_route=\/wp\/v2\/posts\/346\/revisions\/348"}],"wp:featuredmedia":[{"embeddable":true,"href":"https:\/\/dansibandsfestivalur.fo\/index.php?rest_route=\/wp\/v2\/media\/347"}],"wp:attachment":[{"href":"https:\/\/dansibandsfestivalur.fo\/index.php?rest_route=%2Fwp%2Fv2%2Fmedia&parent=346"}],"wp:term":[{"taxonomy":"category","embeddable":true,"href":"https:\/\/dansibandsfestivalur.fo\/index.php?rest_route=%2Fwp%2Fv2%2Fcategories&post=346"},{"taxonomy":"post_tag","embeddable":true,"href":"https:\/\/dansibandsfestivalur.fo\/index.php?rest_route=%2Fwp%2Fv2%2Ftags&post=346"}],"curies":[{"name":"wp","href":"https:\/\/api.w.org\/{rel}","templated":true}]}}