{"id":334,"date":"2021-11-26T21:00:31","date_gmt":"2021-11-26T21:00:31","guid":{"rendered":"https:\/\/dansibandsfestivalur.fo\/?p=334"},"modified":"2024-04-21T17:06:32","modified_gmt":"2024-04-21T17:06:32","slug":"ingemars-a-dansibandsfestivalin-2022","status":"publish","type":"post","link":"https:\/\/dansibandsfestivalur.fo\/?p=334","title":{"rendered":"Ingemars \u00e1 Dansibandsfestivalin 2022"},"content":{"rendered":"\n<p>Eitt av kendastu norsku dansibandsorkestrunum &#8211; Ingemars &#8211; ver\u00f0ur eitt av h\u00f8vu\u00f0sn\u00f8vnunum \u00e1 Dansibandsfestivalinum \u00ed 2022.<\/p>\n\n\n\n<!--more-->\n\n\n\n<p>Ingemars hevur s\u00ed\u00f0ani \u00e1 v\u00e1ri 1986 fer\u00f0ast kring allan Heim vi\u00f0 s\u00ednum einastandandi dansibandst\u00f3num. -Og komandi \u00e1r \u00ed mai gongur lei\u00f0in so til V\u00e1gs, har Ingemars fer at sp\u00e6la til dans \u00e1 Dansibandsfestivalinum.<\/p>\n\n\n\n<p>Ingemars eru manna\u00f0ir av:<br>Terje Ingemar Larsson, sangur og gittar<br>Steve Andersson, sangur og bass<br>Odd Arne S\u00f8rensen, harmonika og klaver<br>Geir Paulsberg, gittar<br>H\u00e5kon Aasheim, trummur<br>Karl-Arne Sj\u00f8haug, steelgittar og gittar<\/p>\n\n\n\n<figure class=\"wp-block-image size-large\"><img decoding=\"async\" src=\"https:\/\/dansibandsfestivalur.fo\/wp-content\/uploads\/2021\/11\/image.png\" alt=\"\" class=\"wp-image-335\"\/><\/figure>\n","protected":false},"excerpt":{"rendered":"<p>Eitt av kendastu norsku dansibandsorkestrunum &#8211; Ingemars &#8211; ver\u00f0ur eitt av h\u00f8vu\u00f0sn\u00f8vnunum \u00e1 Dansibandsfestivalinum \u00ed 2022.<\/p>\n","protected":false},"author":1,"featured_media":335,"comment_status":"closed","ping_status":"closed","sticky":false,"template":"","format":"standard","meta":{"footnotes":""},"categories":[11],"tags":[],"class_list":["post-334","post","type-post","status-publish","format-standard","has-post-thumbnail","hentry","category-db2022"],"_links":{"self":[{"href":"https:\/\/dansibandsfestivalur.fo\/index.php?rest_route=\/wp\/v2\/posts\/334","targetHints":{"allow":["GET"]}}],"collection":[{"href":"https:\/\/dansibandsfestivalur.fo\/index.php?rest_route=\/wp\/v2\/posts"}],"about":[{"href":"https:\/\/dansibandsfestivalur.fo\/index.php?rest_route=\/wp\/v2\/types\/post"}],"author":[{"embeddable":true,"href":"https:\/\/dansibandsfestivalur.fo\/index.php?rest_route=\/wp\/v2\/users\/1"}],"replies":[{"embeddable":true,"href":"https:\/\/dansibandsfestivalur.fo\/index.php?rest_route=%2Fwp%2Fv2%2Fcomments&post=334"}],"version-history":[{"count":1,"href":"https:\/\/dansibandsfestivalur.fo\/index.php?rest_route=\/wp\/v2\/posts\/334\/revisions"}],"predecessor-version":[{"id":336,"href":"https:\/\/dansibandsfestivalur.fo\/index.php?rest_route=\/wp\/v2\/posts\/334\/revisions\/336"}],"wp:featuredmedia":[{"embeddable":true,"href":"https:\/\/dansibandsfestivalur.fo\/index.php?rest_route=\/wp\/v2\/media\/335"}],"wp:attachment":[{"href":"https:\/\/dansibandsfestivalur.fo\/index.php?rest_route=%2Fwp%2Fv2%2Fmedia&parent=334"}],"wp:term":[{"taxonomy":"category","embeddable":true,"href":"https:\/\/dansibandsfestivalur.fo\/index.php?rest_route=%2Fwp%2Fv2%2Fcategories&post=334"},{"taxonomy":"post_tag","embeddable":true,"href":"https:\/\/dansibandsfestivalur.fo\/index.php?rest_route=%2Fwp%2Fv2%2Ftags&post=334"}],"curies":[{"name":"wp","href":"https:\/\/api.w.org\/{rel}","templated":true}]}}